{"id":8864,"date":"2022-09-20T12:35:53","date_gmt":"2022-09-20T10:35:53","guid":{"rendered":"https:\/\/spiewniksiedleckiego.pl\/?p=8864"},"modified":"2022-09-20T12:35:53","modified_gmt":"2022-09-20T10:35:53","slug":"sw-wincenty-a-paulo","status":"publish","type":"post","link":"https:\/\/spiewniksiedleckiego.pl\/?p=8864","title":{"rendered":"\u015aw. Wincenty a Paulo"},"content":{"rendered":"<p style=\"text-align: justify;\">Wincenty cz\u0119sto powtarza\u0142, \u017ce nale\u017cy kocha\u0107 Boga i \u017ce musi si\u0119 to urzeczywistnia\u0107 w trudzie r\u0105k i w pocie czo\u0142a. Dodawa\u0142 ponadto: Nasze serce musi nale\u017ce\u0107 do Boga, nasza wola ma by\u0107 Jego wol\u0105 i ca\u0142y nasz czas musimy przeznacza\u0107 na Jego s\u0142u\u017cb\u0119. Mia\u0142 jednak \u015bwiadomo\u015b\u0107, \u017ce w ka\u017cdym naszym dzia\u0142aniu inicjatywa nale\u017cy do Boga i dlatego mawia\u0142: B\u00f3g jest mi\u0142o\u015bci\u0105 i jedyn\u0105 drog\u0105 do Niego jest droga mi\u0142o\u015bci. R\u0119ki Bo\u017cej nie mo\u017cna do niczego przymusza\u0107. Cytuj\u0105c zdanie \u015bw. Franciszka Salezego: Nie m\u00f3g\u0142bym i\u015b\u0107 do Boga, gdyby B\u00f3g nie przyszed\u0142 do mnie, wyja\u015bnia\u0142: Serce prawdziwie zapalone mi\u0142o\u015bci\u0105 wie na czym polega mi\u0142o\u015b\u0107 ku Bogu; wie, \u017ce nie mog\u0142oby otwiera\u0107 si\u0119 na Boga, gdyby B\u00f3g nie wychodzi\u0142 mu na spotkanie i nie poci\u0105ga\u0142 go swoj\u0105 \u0142ask\u0105. W tej dziedzinie niczego nie mo\u017cna osi\u0105gn\u0105\u0107 w\u0142asnymi si\u0142ami ani ludzkimi zabiegami. Kiedy B\u00f3g chce poci\u0105gn\u0105\u0107 cz\u0142owieka czyni to z \u0142agodno\u015bci\u0105 i czu\u0142o\u015bci\u0105 bez \u017cadnego przymusu. Dobrze wiedzia\u0142, \u017ce do \u015bwi\u0119to\u015bci prowadzi d\u0142uga droga i m\u00f3wi\u0142: Doskona\u0142o\u015bci nie mo\u017cna osi\u0105gn\u0105\u0107 natychmiast. Zdobywa si\u0119 j\u0105 powoli, krok za krokiem. Wymaga to cierpliwo\u015bci. Prowadzi do niej d\u0142uga droga, kt\u00f3r\u0105 pokonuje si\u0119 ma\u0142ymi krokami.<\/p>\n<p style=\"text-align: justify;\">Fundamentem \u015bwi\u0119to\u015bci jest upodobnienie si\u0119 do Chrystusa. \u015awi\u0119ty Wincenty mawia\u0142: W trosce o w\u0142asn\u0105 doskona\u0142o\u015b\u0107 trzeba przyoblec si\u0119 w Ducha Jezusa Chrystusa. Oznacza to, i\u017c zamiast podejmowa\u0107 w\u0142asne dzia\u0142ania, nale\u017cy pozwoli\u0107 dzia\u0142a\u0107 Duchowi \u015awi\u0119temu, kt\u00f3ry ma mieszkanie w sercach sprawiedliwych. Dlatego musicie podda\u0107 si\u0119 Duchowi Naszego Pana. On sam naznaczy was swoj\u0105 piecz\u0119ci\u0105 i wyci\u015bnie w waszych duszach w\u0142asny charakter. Odwo\u0142uj\u0105c si\u0119 do nauki \u015bw. Paw\u0142a, m\u00f3wi\u0142: Pami\u0119tajcie, \u017ce \u017cyjemy i umieramy w Jezusie Chrystusie i dlatego nasze \u017cycie musi by\u0107 ukryte w Jezusie, aby On w pe\u0142ni si\u0119 w nas objawia\u0142. Dlatego te\u017c trzeba upodabnia\u0107 nasze \u017cycie do Jego \u017cycia, aby\u015bmy jak On mogli umiera\u0107.<\/p>\n<p style=\"text-align: justify;\">Pe\u0142nienie woli Boga wymaga \u017cycia mi\u0142o\u015bci\u0105. Przemiana Wincentego dokona\u0142a si\u0119 w spotkaniu z ubogimi. To on stali si\u0119 materialnego, kt\u00f3re nie porusza\u0142oby jego serca. Jego oddanie si\u0119 ubogim dokonywa\u0142o si\u0119 w duchu wiary. By\u0142 przekonany, \u017ce s\u0105 oni sakramentem Jezusa Chrystusa, \u017ce w ich \u017cyciu ujawnia si\u0119 \u017cywy Chrystus; s\u0142u\u017c\u0105c ubogim, s\u0142u\u017cy si\u0119 Chrystusowi. Dlatego uwa\u017ca\u0142, \u017ce s\u0105 oni panami i mistrzami dla wszystkich, kt\u00f3rzy w ich osobach chc\u0105 s\u0142u\u017cy\u0107 Chrystusowi.<\/p>\n<p style=\"text-align: justify;\">Ca\u0142e \u017cycie Wincentego i podejmowane przez niego inicjatywy na rzecz ubogich s\u0105 \u015bwiadectwem, \u017ce mi\u0142o\u015b\u0107 musi by\u0107 odkrywcza i niesko\u0144czona. Nie mog\u0142o by\u0107 inaczej, wszak ca\u0142a jego dzia\u0142alno\u015b\u0107 by\u0142a zwierciad\u0142em, w kt\u00f3rym odbija\u0142a si\u0119 mi\u0142o\u015b\u0107 Boga; mi\u0142o\u015b\u0107, kt\u00f3rej sam do\u015bwiadcza\u0142 na modlitwie. To pozwala\u0142o mu powtarza\u0107: Dajcie mi cz\u0142owieka modlitwy, a b\u0119dzie zdolny do wszystkiego.<\/p>\n<p style=\"text-align: justify;\">Podziwiamy w Wincentym cz\u0142owieka kontemplacji i dzia\u0142ania, organizacji i wyobra\u017ani, autorytetu i pokory, cz\u0142owieka na czasy dawne i dzisiejsze. By\u0142 on cz\u0142owiekiem, jak ka\u017cdy z nas. Mia\u0142 jednak, w przeciwie\u0144stwie do nas, odwag\u0119 dzia\u0142ania, umia\u0142 dawa\u0107 i dawa\u0107 siebie. By\u0142 cz\u0142owiekiem, kt\u00f3ry w\u0142asn\u0105 \u015bwi\u0119to\u015bci\u0105 zach\u0119ca\u0142 do \u015bwi\u0119to\u015bci innych. R\u00f3wnie\u017c dzisiaj jest wzorem dla ka\u017cdego, kto podejmuje prac\u0119 dla ubogich i z ubogimi, kto chce zabiega\u0107 o prawdziwe wyzwolenie cz\u0142owieka.<\/p>\n","protected":false},"excerpt":{"rendered":"<p>Wincenty cz\u0119sto powtarza\u0142, \u017ce nale\u017cy kocha\u0107 Boga i \u017ce musi si\u0119 to urzeczywistnia\u0107 w trudzie r\u0105k i w pocie czo\u0142a. Dodawa\u0142 ponadto: Nasze serce musi nale\u017ce\u0107 do Boga, nasza wola ma by\u0107 Jego wol\u0105 i ca\u0142y nasz czas musimy przeznacza\u0107 na Jego s\u0142u\u017cb\u0119. Mia\u0142 jednak \u015bwiadomo\u015b\u0107, \u017ce w ka\u017cdym naszym dzia\u0142aniu inicjatywa nale\u017cy do Boga i dlatego mawia\u0142: B\u00f3g jest [&hellip;]<\/p>\n","protected":false},"author":1,"featured_media":8867,"comment_status":"closed","ping_status":"open","sticky":false,"template":"","format":"standard","meta":{"footnotes":""},"categories":[16],"tags":[],"class_list":["post-8864","post","type-post","status-publish","format-standard","has-post-thumbnail","hentry","category-artykuly"],"_links":{"self":[{"href":"https:\/\/spiewniksiedleckiego.pl\/index.php?rest_route=\/wp\/v2\/posts\/8864","targetHints":{"allow":["GET"]}}],"collection":[{"href":"https:\/\/spiewniksiedleckiego.pl\/index.php?rest_route=\/wp\/v2\/posts"}],"about":[{"href":"https:\/\/spiewniksiedleckiego.pl\/index.php?rest_route=\/wp\/v2\/types\/post"}],"author":[{"embeddable":true,"href":"https:\/\/spiewniksiedleckiego.pl\/index.php?rest_route=\/wp\/v2\/users\/1"}],"replies":[{"embeddable":true,"href":"https:\/\/spiewniksiedleckiego.pl\/index.php?rest_route=%2Fwp%2Fv2%2Fcomments&post=8864"}],"version-history":[{"count":0,"href":"https:\/\/spiewniksiedleckiego.pl\/index.php?rest_route=\/wp\/v2\/posts\/8864\/revisions"}],"wp:featuredmedia":[{"embeddable":true,"href":"https:\/\/spiewniksiedleckiego.pl\/index.php?rest_route=\/wp\/v2\/media\/8867"}],"wp:attachment":[{"href":"https:\/\/spiewniksiedleckiego.pl\/index.php?rest_route=%2Fwp%2Fv2%2Fmedia&parent=8864"}],"wp:term":[{"taxonomy":"category","embeddable":true,"href":"https:\/\/spiewniksiedleckiego.pl\/index.php?rest_route=%2Fwp%2Fv2%2Fcategories&post=8864"},{"taxonomy":"post_tag","embeddable":true,"href":"https:\/\/spiewniksiedleckiego.pl\/index.php?rest_route=%2Fwp%2Fv2%2Ftags&post=8864"}],"curies":[{"name":"wp","href":"https:\/\/api.w.org\/{rel}","templated":true}]}}