{"id":3803,"date":"2017-03-04T12:54:44","date_gmt":"2017-03-04T11:54:44","guid":{"rendered":"http:\/\/spiewniksiedleckiego.pl\/?p=3803"},"modified":"2026-04-03T10:37:21","modified_gmt":"2026-04-03T08:37:21","slug":"gorzkie-zale-wersja-z-nutami","status":"publish","type":"post","link":"https:\/\/spiewniksiedleckiego.pl\/?p=3803","title":{"rendered":"Gorzkie \u017bale wersja z nutami"},"content":{"rendered":"<p style=\"text-align: justify;\"><img fetchpriority=\"high\" decoding=\"async\" class=\"alignleft wp-image-3804 size-medium\" src=\"http:\/\/spiewniksiedleckiego.pl\/wp-content\/uploads\/gorzkie_zale_nutami1-203x300.jpg\" alt=\"\" width=\"203\" height=\"300\" srcset=\"https:\/\/spiewniksiedleckiego.pl\/wp-content\/uploads\/gorzkie_zale_nutami1-203x300.jpg 203w, https:\/\/spiewniksiedleckiego.pl\/wp-content\/uploads\/gorzkie_zale_nutami1.jpg 405w\" sizes=\"(max-width: 203px) 100vw, 203px\" \/><b><span style=\"color: #000080;\"><span style=\"color: #008000;\">Redaktor:<\/span><\/span><\/b>\u00a0ks. Wojciech Ka\u0142amarz CM<\/p>\n<p style=\"text-align: justify;\">Gorzkie \u017cale u\u0142o\u017cy\u0142 ks. Wawrzyniec Benik CM w 1707 roku dla Bractwa \u015bw. Rocha dzia\u0142aj\u0105cego przy ko\u015bciele pw. \u015awi\u0119tego Krzy\u017ca w Warszawie. Bardzo szybko nabo\u017ce\u0144stwo to sta\u0142o si\u0119 umi\u0142owan\u0105 przez polski Ko\u015bci\u00f3\u0142 modlitw\u0105, opiewaj\u0105c\u0105 m\u0119k\u0119 i \u015bmier\u0107 Pana Jezusa \u2013 \u201epolsk\u0105 pasj\u0105\u201d, w ka\u017cdym niemal ko\u015bciele przybieraj\u0105c\u0105 odmienn\u0105 posta\u0107 melodyczn\u0105.\u00a0Format 10 x 14 cm, str. 24, ok\u0142adka folia Wi\u0119cej na stronie <strong><a href=\"https:\/\/www.witkm.pl\/4037,gorzkie-zale-wersja-z-nutami.html\">Wydawnictwa<\/a>\u00a0ITKM<\/strong><\/p>\n<p style=\"text-align: justify;\">\n","protected":false},"excerpt":{"rendered":"<p>Redaktor:\u00a0ks. Wojciech Ka\u0142amarz CM Gorzkie \u017cale u\u0142o\u017cy\u0142 ks. Wawrzyniec Benik CM w 1707 roku dla Bractwa \u015bw. Rocha dzia\u0142aj\u0105cego przy ko\u015bciele pw. \u015awi\u0119tego Krzy\u017ca w Warszawie. Bardzo szybko nabo\u017ce\u0144stwo to sta\u0142o si\u0119 umi\u0142owan\u0105 przez polski Ko\u015bci\u00f3\u0142 modlitw\u0105, opiewaj\u0105c\u0105 m\u0119k\u0119 i \u015bmier\u0107 Pana Jezusa \u2013 \u201epolsk\u0105 pasj\u0105\u201d, w ka\u017cdym niemal ko\u015bciele przybieraj\u0105c\u0105 odmienn\u0105 posta\u0107 melodyczn\u0105.\u00a0Format 10 x 14 cm, str. 24, [&hellip;]<\/p>\n","protected":false},"author":1,"featured_media":3806,"comment_status":"closed","ping_status":"open","sticky":false,"template":"","format":"standard","meta":{"footnotes":""},"categories":[20],"tags":[],"class_list":["post-3803","post","type-post","status-publish","format-standard","has-post-thumbnail","hentry","category-1-spiewnik"],"_links":{"self":[{"href":"https:\/\/spiewniksiedleckiego.pl\/index.php?rest_route=\/wp\/v2\/posts\/3803","targetHints":{"allow":["GET"]}}],"collection":[{"href":"https:\/\/spiewniksiedleckiego.pl\/index.php?rest_route=\/wp\/v2\/posts"}],"about":[{"href":"https:\/\/spiewniksiedleckiego.pl\/index.php?rest_route=\/wp\/v2\/types\/post"}],"author":[{"embeddable":true,"href":"https:\/\/spiewniksiedleckiego.pl\/index.php?rest_route=\/wp\/v2\/users\/1"}],"replies":[{"embeddable":true,"href":"https:\/\/spiewniksiedleckiego.pl\/index.php?rest_route=%2Fwp%2Fv2%2Fcomments&post=3803"}],"version-history":[{"count":1,"href":"https:\/\/spiewniksiedleckiego.pl\/index.php?rest_route=\/wp\/v2\/posts\/3803\/revisions"}],"predecessor-version":[{"id":13485,"href":"https:\/\/spiewniksiedleckiego.pl\/index.php?rest_route=\/wp\/v2\/posts\/3803\/revisions\/13485"}],"wp:featuredmedia":[{"embeddable":true,"href":"https:\/\/spiewniksiedleckiego.pl\/index.php?rest_route=\/wp\/v2\/media\/3806"}],"wp:attachment":[{"href":"https:\/\/spiewniksiedleckiego.pl\/index.php?rest_route=%2Fwp%2Fv2%2Fmedia&parent=3803"}],"wp:term":[{"taxonomy":"category","embeddable":true,"href":"https:\/\/spiewniksiedleckiego.pl\/index.php?rest_route=%2Fwp%2Fv2%2Fcategories&post=3803"},{"taxonomy":"post_tag","embeddable":true,"href":"https:\/\/spiewniksiedleckiego.pl\/index.php?rest_route=%2Fwp%2Fv2%2Ftags&post=3803"}],"curies":[{"name":"wp","href":"https:\/\/api.w.org\/{rel}","templated":true}]}}