{"id":2924,"date":"2025-12-09T09:55:56","date_gmt":"2025-12-09T08:55:56","guid":{"rendered":"http:\/\/spiewniksiedleckiego.pl\/?p=2924"},"modified":"2026-01-15T14:19:41","modified_gmt":"2026-01-15T13:19:41","slug":"zawitaj-pelna-laski","status":"publish","type":"post","link":"https:\/\/spiewniksiedleckiego.pl\/?p=2924","title":{"rendered":"Zawitaj Pe\u0142na \u0141aski"},"content":{"rendered":"<p style=\"text-align: justify;\">Godzinki o Niepokalanym Pocz\u0119ciu Naj\u015bwi\u0119tszej Maryi Panny s\u0105 nabo\u017ce\u0144stwem przez jednych znanym, lubianym i praktykowanym, przez innych &#8211; nierozumianym, a przez to i unikanym. Dla jednych i drugich niniejsza publikacja mo\u017ce by\u0107 pomoc\u0105 w pe\u0142niejszym zrozumieniu tre\u015bci Godzinek. Rys historyczny, obja\u015bnienie struktury, pochodzenie melodii, wyja\u015bnienie zwrot\u00f3w symbolicznych, biblijnych odniesie\u0144, poszerzone o wybrzmienie znacze\u0144 pierwotnego tekstu \u0142aci\u0144skiego\u00a0z pewno\u015bci\u0105 mog\u0105 przyczyni\u0107 si\u0119 do pog\u0142\u0119bienia modlitwy, do lepszego zrozumienia tajemnicy Maryi, do ponownego lub pierwszego odkrycia pi\u0119kna tekst\u00f3w Godzinek. Do nabycia w\u00a0<strong>Wydawnictwie ITKM.\u00a0<\/strong>Format 12&#215;17 cm, str. 72<\/p>\n<audio class=\"wp-audio-shortcode\" id=\"audio-2924-1\" preload=\"none\" style=\"width: 100%;\" controls=\"controls\"><source type=\"audio\/mpeg\" src=\"https:\/\/spiewniksiedleckiego.pl\/wp-content\/uploads\/782-a-Godzinki-Zacznijcie-wargi.mp3?_=1\" \/><a href=\"https:\/\/spiewniksiedleckiego.pl\/wp-content\/uploads\/782-a-Godzinki-Zacznijcie-wargi.mp3\">https:\/\/spiewniksiedleckiego.pl\/wp-content\/uploads\/782-a-Godzinki-Zacznijcie-wargi.mp3<\/a><\/audio>\n","protected":false},"excerpt":{"rendered":"<p>Godzinki o Niepokalanym Pocz\u0119ciu Naj\u015bwi\u0119tszej Maryi Panny s\u0105 nabo\u017ce\u0144stwem przez jednych znanym, lubianym i praktykowanym, przez innych &#8211; nierozumianym, a przez to i unikanym. Dla jednych i drugich niniejsza publikacja mo\u017ce by\u0107 pomoc\u0105 w pe\u0142niejszym zrozumieniu tre\u015bci Godzinek. Rys historyczny, obja\u015bnienie struktury, pochodzenie melodii, wyja\u015bnienie zwrot\u00f3w symbolicznych, biblijnych odniesie\u0144, poszerzone o wybrzmienie znacze\u0144 pierwotnego tekstu \u0142aci\u0144skiego\u00a0z pewno\u015bci\u0105 mog\u0105 przyczyni\u0107 si\u0119 [&hellip;]<\/p>\n","protected":false},"author":1,"featured_media":13232,"comment_status":"closed","ping_status":"open","sticky":false,"template":"","format":"standard","meta":{"footnotes":""},"categories":[22],"tags":[],"class_list":["post-2924","post","type-post","status-publish","format-standard","has-post-thumbnail","hentry","category-3-ksiazki"],"_links":{"self":[{"href":"https:\/\/spiewniksiedleckiego.pl\/index.php?rest_route=\/wp\/v2\/posts\/2924","targetHints":{"allow":["GET"]}}],"collection":[{"href":"https:\/\/spiewniksiedleckiego.pl\/index.php?rest_route=\/wp\/v2\/posts"}],"about":[{"href":"https:\/\/spiewniksiedleckiego.pl\/index.php?rest_route=\/wp\/v2\/types\/post"}],"author":[{"embeddable":true,"href":"https:\/\/spiewniksiedleckiego.pl\/index.php?rest_route=\/wp\/v2\/users\/1"}],"replies":[{"embeddable":true,"href":"https:\/\/spiewniksiedleckiego.pl\/index.php?rest_route=%2Fwp%2Fv2%2Fcomments&post=2924"}],"version-history":[{"count":4,"href":"https:\/\/spiewniksiedleckiego.pl\/index.php?rest_route=\/wp\/v2\/posts\/2924\/revisions"}],"predecessor-version":[{"id":13234,"href":"https:\/\/spiewniksiedleckiego.pl\/index.php?rest_route=\/wp\/v2\/posts\/2924\/revisions\/13234"}],"wp:featuredmedia":[{"embeddable":true,"href":"https:\/\/spiewniksiedleckiego.pl\/index.php?rest_route=\/wp\/v2\/media\/13232"}],"wp:attachment":[{"href":"https:\/\/spiewniksiedleckiego.pl\/index.php?rest_route=%2Fwp%2Fv2%2Fmedia&parent=2924"}],"wp:term":[{"taxonomy":"category","embeddable":true,"href":"https:\/\/spiewniksiedleckiego.pl\/index.php?rest_route=%2Fwp%2Fv2%2Fcategories&post=2924"},{"taxonomy":"post_tag","embeddable":true,"href":"https:\/\/spiewniksiedleckiego.pl\/index.php?rest_route=%2Fwp%2Fv2%2Ftags&post=2924"}],"curies":[{"name":"wp","href":"https:\/\/api.w.org\/{rel}","templated":true}]}}