{"id":1770,"date":"2016-04-18T11:57:29","date_gmt":"2016-04-18T11:57:29","guid":{"rendered":"http:\/\/spiewniksiedleckiego.pl\/?p=1770"},"modified":"2020-08-28T11:29:53","modified_gmt":"2020-08-28T09:29:53","slug":"xli-wydanie-spiewnika-koscielnego-ks-jana-siedleckiego-jako-oficjalny-spiewnik-kosciola-w-polsce","status":"publish","type":"post","link":"https:\/\/spiewniksiedleckiego.pl\/?p=1770","title":{"rendered":"XLI wydanie \u015apiewnika ko\u015bcielnego jako og\u00f3lnopolski \u015bpiewnik liturgiczny"},"content":{"rendered":"<p style=\"text-align: justify;\"><strong>Uchwa\u0142a nr 13\/372\/2016<\/strong> Konferencji Episkopatu Polski z <span style=\"color: #ff0000;\"><strong>dnia 16 kwietnia 2016 r.<\/strong><\/span> w sprawie uznania \u015bpiewnika og\u00f3lnopolskiego.<\/p>\n<p style=\"text-align: justify;\">Konferencja Episkopatu Polski podczas<b> <\/b>372 Zebrania Plenarnego, kt\u00f3re odby\u0142o si\u0119 w Gnie\u017anie i Poznaniu w <strong>dniach 14-16 kwietnia 2016 r.,<\/strong> na podstawie art. 19 Statutu KEP uzna\u0142a <strong>\u015apiewnik ko\u015bcielny ks. Jana Siedleckiego <span style=\"color: #ff0000;\">(wydanie XLI)<\/span><\/strong> jako <span style=\"color: #ff0000;\"><strong>og\u00f3lnopolski \u015bpiewnik liturgiczny.<\/strong><\/span> Uchwa\u0142a wchodzi w \u017cycie z dniem podj\u0119cia.\u00a0bp<i>\u00a0Stanis\u0142aw G\u0105decki, <\/i>Arcybiskup Metropolita Pozna\u0144ski, Przewodnicz\u0105cy KEP,\u00a0bp<i>\u00a0Artur G. Mizi\u0144ski<\/i><i>, <\/i>Sekretarz Generalny KEP.<\/p>\n<p style=\"text-align: justify;\">Jest to na tyle donios\u0142e wydarzenie, i\u017c w dotychczasowej historii \u015bpiewnik ten (\u015bpiewnik ks. Siedleckiego) miewa\u0142 lub nie \u2013 zatwierdzenie jedynie biskupa diecezjalnego. Zgodnie z przepisami liturgicznymi, tylko pie\u015bni z zatwierdzonego przez odpowiedni\u0105 w\u0142adz\u0119 (przynajmniej biskupa diecezjalnego) mog\u0105 by\u0107 u\u017cywane podczas liturgii. Niestety, ostatnie dwa wydania (XXXIX i XL) takiego zatwierdzenia nie mia\u0142y, wskutek tego w \u015brodowisku muzycznym powsta\u0142o kilka pomys\u0142\u00f3w na nowy \u015bpiewnik og\u00f3lnopolski.<\/p>\n<p style=\"text-align: justify;\">Ca\u0142e szcz\u0119\u015bcie, XLI wydanie otrzyma\u0142o nie tylko zatwierdzenie biskupa krakowskiego, ale tak\u017ce poparcie <strong>Stowarzyszenia Polskich Muzyk\u00f3w Ko\u015bcielnych<\/strong> (zrzeszaj\u0105ce oko\u0142o 200 wyk\u0142adowc\u00f3w i organist\u00f3w \u2013 elitarne grono muzyk\u00f3w ko\u015bcielnych). W listopadzie 2015 r. XLI wydanie popar\u0142a Komisja ds. Kultu Bo\u017cego i Dyscypliny Sakrament\u00f3w KEP, za\u015b w kwietniu 2016 r. popar\u0142a je\u00a0 Podkomisja ds. Muzyki Ko\u015bcielnej przy Episkopacie Polski.<\/p>\n<p style=\"text-align: justify;\">W ko\u0144cu, po 138 latach historii \u015bpiewnika, po raz pierwszy \u015apiewnik ko\u015bcielny ks. Jana Siedleckiego otrzyma\u0142 oficjalne zatwierdzenie od Konferencji Plenarnej Episkopatu Polski jako og\u00f3lnopolski \u015bpiewnik liturgiczny\u00a0w Polsce.<\/p>\n","protected":false},"excerpt":{"rendered":"<p>Uchwa\u0142a nr 13\/372\/2016 Konferencji Episkopatu Polski z dnia 16 kwietnia 2016 r. w sprawie uznania \u015bpiewnika og\u00f3lnopolskiego. Konferencja Episkopatu Polski podczas 372 Zebrania Plenarnego, kt\u00f3re odby\u0142o si\u0119 w Gnie\u017anie i Poznaniu w dniach 14-16 kwietnia 2016 r., na podstawie art. 19 Statutu KEP uzna\u0142a \u015apiewnik ko\u015bcielny ks. Jana Siedleckiego (wydanie XLI) jako og\u00f3lnopolski \u015bpiewnik liturgiczny. Uchwa\u0142a wchodzi w \u017cycie z [&hellip;]<\/p>\n","protected":false},"author":1,"featured_media":2896,"comment_status":"open","ping_status":"open","sticky":false,"template":"","format":"standard","meta":{"footnotes":""},"categories":[18],"tags":[],"class_list":["post-1770","post","type-post","status-publish","format-standard","has-post-thumbnail","hentry","category-wydarzenia"],"_links":{"self":[{"href":"https:\/\/spiewniksiedleckiego.pl\/index.php?rest_route=\/wp\/v2\/posts\/1770","targetHints":{"allow":["GET"]}}],"collection":[{"href":"https:\/\/spiewniksiedleckiego.pl\/index.php?rest_route=\/wp\/v2\/posts"}],"about":[{"href":"https:\/\/spiewniksiedleckiego.pl\/index.php?rest_route=\/wp\/v2\/types\/post"}],"author":[{"embeddable":true,"href":"https:\/\/spiewniksiedleckiego.pl\/index.php?rest_route=\/wp\/v2\/users\/1"}],"replies":[{"embeddable":true,"href":"https:\/\/spiewniksiedleckiego.pl\/index.php?rest_route=%2Fwp%2Fv2%2Fcomments&post=1770"}],"version-history":[{"count":0,"href":"https:\/\/spiewniksiedleckiego.pl\/index.php?rest_route=\/wp\/v2\/posts\/1770\/revisions"}],"wp:featuredmedia":[{"embeddable":true,"href":"https:\/\/spiewniksiedleckiego.pl\/index.php?rest_route=\/wp\/v2\/media\/2896"}],"wp:attachment":[{"href":"https:\/\/spiewniksiedleckiego.pl\/index.php?rest_route=%2Fwp%2Fv2%2Fmedia&parent=1770"}],"wp:term":[{"taxonomy":"category","embeddable":true,"href":"https:\/\/spiewniksiedleckiego.pl\/index.php?rest_route=%2Fwp%2Fv2%2Fcategories&post=1770"},{"taxonomy":"post_tag","embeddable":true,"href":"https:\/\/spiewniksiedleckiego.pl\/index.php?rest_route=%2Fwp%2Fv2%2Ftags&post=1770"}],"curies":[{"name":"wp","href":"https:\/\/api.w.org\/{rel}","templated":true}]}}