{"id":1674,"date":"2026-03-17T13:23:17","date_gmt":"2026-03-17T12:23:17","guid":{"rendered":"http:\/\/spiewniksiedleckiego.pl\/?p=1674"},"modified":"2026-04-03T11:04:44","modified_gmt":"2026-04-03T09:04:44","slug":"spiewane-opisy-meki-panskiej","status":"publish","type":"post","link":"https:\/\/spiewniksiedleckiego.pl\/?p=1674","title":{"rendered":"\u015apiewane opisy M\u0119ki Pa\u0144skiej"},"content":{"rendered":"<p style=\"text-align: justify;\"><b><span style=\"color: #000080;\"><span style=\"color: #008000;\">Autor:<\/span><\/span><\/b>\u00a0ks. Wojciech Ka\u0142amarz CM<\/p>\n<p style=\"text-align: justify;\">Pierwszy zbi\u00f3r zawiera \u015bpiewane opisy m\u0119ki Pa\u0144skiej na Niedziel\u0119 Palmow\u0105 i Wielki Pi\u0105tek. W komplecie znajduj\u0105 si\u0119 jednog\u0142osowe opracowania w tonie gregoria\u0144skim, z podzia\u0142em na role, do tekstu z Lekcjonarza mszalnego. Format 21&#215;30 cm, s. 72. Do nabycia w <strong><a href=\"https:\/\/www.witkm.pl\/3983,spiewane-opisy-meki-panskiej-na-wielki-tydzien.html\" target=\"_blank\" rel=\"noopener noreferrer\">Wydawnictwie ITKM<\/a>.<\/strong><\/p>\n<p style=\"text-align: justify;\">Drugi komplet pasji w formie <strong><a href=\"https:\/\/spiewniksiedleckiego.pl\/wp-content\/uploads\/Pasje-02.pdf\" rel=\"\">pliku PDF<\/a>,<\/strong> kt\u00f3ry zawiera utwory na solist\u00f3w i ch\u00f3r, w jednym przypadku tak\u017ce z organami. Tradycja wielog\u0142osowego opracowywania opis\u00f3w m\u0119ki Jezusa jest m\u0142odsza od monodycznej formy, ale liczy ju\u017c sobie kilka wiek\u00f3w.<\/p>\n<p style=\"text-align: justify;\">Utworem wielog\u0142osowym pasja sta\u0142a si\u0119 oko\u0142o XV w., a zdaniem niekt\u00f3rych wcze\u015bniej. Istniej\u0105 r\u00f3\u017cne propozycje podzia\u0142u powstaj\u0105cych na przestrzeni wiek\u00f3w pasji: pasje motetowe (np. pasja C. de Rore) i dramatyczne (np. pasje H. Sch\u00fctza); albo chora\u0142owe i figuralne; albo responsorialne i przekomponowane. Przyjmuj\u0105c podzia\u0142 zgodny z trzema podstawowymi okresami w rozwoju pasji, mo\u017cna wymieni\u0107 pasj\u0119: chora\u0142ow\u0105 \u2013 typow\u0105 dla \u015bredniowiecza, motetow\u0105 \u2013 typow\u0105 dla renesansu oraz kantatowo-oratoryjn\u0105 charakterystyczn\u0105 dla baroku. Warto jednak zauwa\u017cy\u0107, \u017ce pasj\u0119 chora\u0142ow\u0105 \u015bpiewa si\u0119 do dzi\u015b, za\u015b pasj\u0119 motetow\u0105 tworzono tak\u017ce w XVIII wieku. R\u00f3\u017cne te\u017c by\u0142o podej\u015bcie do tekstu ewangelii. Ju\u017c w renesansie w pasjach wielog\u0142osowych tekst ewangelii wykorzystywano na trzy sposoby: 1. opracowywano muzycznie pe\u0142ny opis m\u0119ki i \u015bmierci, ale tylko jednej z czterech ewangelii; 2. opracowywano skr\u00f3cony tekst jednej z ewangelii; 3. tworzono Summa Passionis, czyli harmoni\u0119 pasyjn\u0105 polegaj\u0105c\u0105 na zestawieniu r\u00f3\u017cnych fragment\u00f3w czterech ewangelii, akcentuj\u0105c przy tym siedem s\u0142\u00f3w Chrystusa na krzy\u017cu. Ten rodzaj by\u0142 wykorzystywany zar\u00f3wno w pasjach katolickich jak i protestanckich.<\/p>\n","protected":false},"excerpt":{"rendered":"<p>Autor:\u00a0ks. Wojciech Ka\u0142amarz CM Pierwszy zbi\u00f3r zawiera \u015bpiewane opisy m\u0119ki Pa\u0144skiej na Niedziel\u0119 Palmow\u0105 i Wielki Pi\u0105tek. W komplecie znajduj\u0105 si\u0119 jednog\u0142osowe opracowania w tonie gregoria\u0144skim, z podzia\u0142em na role, do tekstu z Lekcjonarza mszalnego. Format 21&#215;30 cm, s. 72. Do nabycia w Wydawnictwie ITKM. Drugi komplet pasji w formie pliku PDF, kt\u00f3ry zawiera utwory na solist\u00f3w i ch\u00f3r, w [&hellip;]<\/p>\n","protected":false},"author":1,"featured_media":10334,"comment_status":"open","ping_status":"open","sticky":false,"template":"","format":"standard","meta":{"footnotes":""},"categories":[20],"tags":[],"class_list":["post-1674","post","type-post","status-publish","format-standard","has-post-thumbnail","hentry","category-1-spiewnik"],"_links":{"self":[{"href":"https:\/\/spiewniksiedleckiego.pl\/index.php?rest_route=\/wp\/v2\/posts\/1674","targetHints":{"allow":["GET"]}}],"collection":[{"href":"https:\/\/spiewniksiedleckiego.pl\/index.php?rest_route=\/wp\/v2\/posts"}],"about":[{"href":"https:\/\/spiewniksiedleckiego.pl\/index.php?rest_route=\/wp\/v2\/types\/post"}],"author":[{"embeddable":true,"href":"https:\/\/spiewniksiedleckiego.pl\/index.php?rest_route=\/wp\/v2\/users\/1"}],"replies":[{"embeddable":true,"href":"https:\/\/spiewniksiedleckiego.pl\/index.php?rest_route=%2Fwp%2Fv2%2Fcomments&post=1674"}],"version-history":[{"count":3,"href":"https:\/\/spiewniksiedleckiego.pl\/index.php?rest_route=\/wp\/v2\/posts\/1674\/revisions"}],"predecessor-version":[{"id":13499,"href":"https:\/\/spiewniksiedleckiego.pl\/index.php?rest_route=\/wp\/v2\/posts\/1674\/revisions\/13499"}],"wp:featuredmedia":[{"embeddable":true,"href":"https:\/\/spiewniksiedleckiego.pl\/index.php?rest_route=\/wp\/v2\/media\/10334"}],"wp:attachment":[{"href":"https:\/\/spiewniksiedleckiego.pl\/index.php?rest_route=%2Fwp%2Fv2%2Fmedia&parent=1674"}],"wp:term":[{"taxonomy":"category","embeddable":true,"href":"https:\/\/spiewniksiedleckiego.pl\/index.php?rest_route=%2Fwp%2Fv2%2Fcategories&post=1674"},{"taxonomy":"post_tag","embeddable":true,"href":"https:\/\/spiewniksiedleckiego.pl\/index.php?rest_route=%2Fwp%2Fv2%2Ftags&post=1674"}],"curies":[{"name":"wp","href":"https:\/\/api.w.org\/{rel}","templated":true}]}}