{"id":1416,"date":"2015-12-09T17:48:32","date_gmt":"2015-12-09T17:48:32","guid":{"rendered":"http:\/\/spiewniksiedleckiego.pl\/?p=1416"},"modified":"2016-10-08T12:36:33","modified_gmt":"2016-10-08T12:36:33","slug":"rozmowy-niedokonczone","status":"publish","type":"post","link":"https:\/\/spiewniksiedleckiego.pl\/?p=1416","title":{"rendered":"&#8222;Rozmowy niedoko\u0144czone&#8221;"},"content":{"rendered":"<p class=\"p1\" style=\"text-align: justify;\"><span class=\"s1\">7 grudnia 2015 audycja &#8222;Rozmowy niedoko\u0144czone\u201d w Radiu Maryja po\u015bwi\u0119cona by\u0142a XLI wydaniu \u201c\u015apiewnika ko\u015bcielnego\u201d ks. Jana Siedleckiego, rekomendowanego przez Komisj\u0119 ds. Kultu Bo\u017cego i Dyscypliny Sakrament\u00f3w Konferencji Episkopatu Polski.\u00a0<\/span><strong><span class=\"s1\">Zapraszamy do wys\u0142uchania na stronie <a href=\"http:\/\/www.radiomaryja.pl\/multimedia\/spiewnik-koscielny-ks-jana-siedleckiego\/\" target=\"_blank\">Radia Maryja<\/a> lub\u00a0<\/span><\/strong><\/p>\n<audio class=\"wp-audio-shortcode\" id=\"audio-1416-1\" preload=\"none\" style=\"width: 100%;\" controls=\"controls\"><source type=\"audio\/mpeg\" src=\"http:\/\/spiewniksiedleckiego.pl\/wp-content\/uploads\/RozmowyNiedokonczone15.mp3?_=1\" \/><a href=\"http:\/\/spiewniksiedleckiego.pl\/wp-content\/uploads\/RozmowyNiedokonczone15.mp3\">http:\/\/spiewniksiedleckiego.pl\/wp-content\/uploads\/RozmowyNiedokonczone15.mp3<\/a><\/audio>\n","protected":false},"excerpt":{"rendered":"<p>7 grudnia 2015 audycja &#8222;Rozmowy niedoko\u0144czone\u201d w Radiu Maryja po\u015bwi\u0119cona by\u0142a XLI wydaniu \u201c\u015apiewnika ko\u015bcielnego\u201d ks. Jana Siedleckiego, rekomendowanego przez Komisj\u0119 ds. Kultu Bo\u017cego i Dyscypliny Sakrament\u00f3w Konferencji Episkopatu Polski.\u00a0Zapraszamy do wys\u0142uchania na stronie Radia Maryja lub\u00a0<\/p>\n","protected":false},"author":1,"featured_media":2889,"comment_status":"open","ping_status":"open","sticky":false,"template":"","format":"standard","meta":{"footnotes":""},"categories":[3],"tags":[],"class_list":["post-1416","post","type-post","status-publish","format-standard","has-post-thumbnail","hentry","category-historia"],"_links":{"self":[{"href":"https:\/\/spiewniksiedleckiego.pl\/index.php?rest_route=\/wp\/v2\/posts\/1416","targetHints":{"allow":["GET"]}}],"collection":[{"href":"https:\/\/spiewniksiedleckiego.pl\/index.php?rest_route=\/wp\/v2\/posts"}],"about":[{"href":"https:\/\/spiewniksiedleckiego.pl\/index.php?rest_route=\/wp\/v2\/types\/post"}],"author":[{"embeddable":true,"href":"https:\/\/spiewniksiedleckiego.pl\/index.php?rest_route=\/wp\/v2\/users\/1"}],"replies":[{"embeddable":true,"href":"https:\/\/spiewniksiedleckiego.pl\/index.php?rest_route=%2Fwp%2Fv2%2Fcomments&post=1416"}],"version-history":[{"count":0,"href":"https:\/\/spiewniksiedleckiego.pl\/index.php?rest_route=\/wp\/v2\/posts\/1416\/revisions"}],"wp:featuredmedia":[{"embeddable":true,"href":"https:\/\/spiewniksiedleckiego.pl\/index.php?rest_route=\/wp\/v2\/media\/2889"}],"wp:attachment":[{"href":"https:\/\/spiewniksiedleckiego.pl\/index.php?rest_route=%2Fwp%2Fv2%2Fmedia&parent=1416"}],"wp:term":[{"taxonomy":"category","embeddable":true,"href":"https:\/\/spiewniksiedleckiego.pl\/index.php?rest_route=%2Fwp%2Fv2%2Fcategories&post=1416"},{"taxonomy":"post_tag","embeddable":true,"href":"https:\/\/spiewniksiedleckiego.pl\/index.php?rest_route=%2Fwp%2Fv2%2Ftags&post=1416"}],"curies":[{"name":"wp","href":"https:\/\/api.w.org\/{rel}","templated":true}]}}